{"id":2950,"date":"2026-01-22T16:14:26","date_gmt":"2026-01-22T16:14:26","guid":{"rendered":"https:\/\/precisaoeng.com\/blogprecisao\/?p=2950"},"modified":"2026-01-22T16:15:45","modified_gmt":"2026-01-22T16:15:45","slug":"pmoc-em-escritorios-o-que-o-rh-precisa-saber-sobre-a-qualidade-do-ar","status":"publish","type":"post","link":"https:\/\/precisaoeng.com\/blogprecisao\/pmoc-em-escritorios-o-que-o-rh-precisa-saber-sobre-a-qualidade-do-ar\/","title":{"rendered":"PMOC em Escrit\u00f3rios: O que o RH precisa saber sobre a qualidade do ar"},"content":{"rendered":"\t\t<div data-elementor-type=\"wp-post\" data-elementor-id=\"2950\" class=\"elementor elementor-2950\">\n\t\t\t\t\t\t\t\t\t<section class=\"elementor-section elementor-top-section elementor-element elementor-element-4697dbc elementor-section-boxed elementor-section-height-default elementor-section-height-default\" data-id=\"4697dbc\" data-element_type=\"section\">\n\t\t\t\t\t\t<div class=\"elementor-container elementor-column-gap-default\">\n\t\t\t\t\t<div class=\"elementor-column elementor-col-100 elementor-top-column elementor-element elementor-element-97f1c2a\" data-id=\"97f1c2a\" data-element_type=\"column\">\n\t\t\t<div class=\"elementor-widget-wrap elementor-element-populated\">\n\t\t\t\t\t\t\t\t<div class=\"elementor-element elementor-element-0efb5a2 elementor-widget__width-initial elementor-widget elementor-widget-text-editor\" data-id=\"0efb5a2\" data-element_type=\"widget\" data-widget_type=\"text-editor.default\">\n\t\t\t\t<div class=\"elementor-widget-container\">\n\t\t\t<style>\/*! elementor - v3.12.2 - 23-04-2023 *\/\n.elementor-widget-text-editor.elementor-drop-cap-view-stacked .elementor-drop-cap{background-color:#69727d;color:#fff}.elementor-widget-text-editor.elementor-drop-cap-view-framed .elementor-drop-cap{color:#69727d;border:3px solid;background-color:transparent}.elementor-widget-text-editor:not(.elementor-drop-cap-view-default) .elementor-drop-cap{margin-top:8px}.elementor-widget-text-editor:not(.elementor-drop-cap-view-default) .elementor-drop-cap-letter{width:1em;height:1em}.elementor-widget-text-editor .elementor-drop-cap{float:left;text-align:center;line-height:1;font-size:50px}.elementor-widget-text-editor .elementor-drop-cap-letter{display:inline-block}<\/style>\t\t\t\t<p><style>\/*! elementor - v3.12.2 - 23-04-2023 *\/<br \/>.elementor-widget-image{text-align:center}.elementor-widget-image a{display:inline-block}.elementor-widget-image a img[src$=\".svg\"]{width:48px}.elementor-widget-image img{vertical-align:middle;display:inline-block}<\/style><\/p><p><img loading=\"lazy\" class=\"aligncenter wp-image-2953 size-full\" src=\"https:\/\/precisaoeng.com\/blogprecisao\/wp-content\/uploads\/2026\/01\/pmoc-ar-condicionado-01.webp\" alt=\"\" width=\"600\" height=\"400\" \/><\/p><h2 data-start=\"621\" data-end=\"700\"><strong data-start=\"627\" data-end=\"700\">PMOC em Escrit\u00f3rios: O que o RH precisa saber sobre a qualidade do ar<\/strong><\/h2><p data-start=\"702\" data-end=\"1050\">Em escrit\u00f3rios corporativos, a qualidade do ar interno deixou de ser apenas uma quest\u00e3o de conforto e passou a ser um fator estrat\u00e9gico de <strong data-start=\"841\" data-end=\"900\">sa\u00fade ocupacional, produtividade e reten\u00e7\u00e3o de talentos<\/strong>. Ambientes climatizados sem manuten\u00e7\u00e3o adequada podem se tornar fontes de desconforto, doen\u00e7as respirat\u00f3rias e queda no desempenho dos colaboradores.<\/p><p data-start=\"1052\" data-end=\"1288\">Nesse contexto, o <strong data-start=\"1070\" data-end=\"1121\">PMOC (Plano de Manuten\u00e7\u00e3o, Opera\u00e7\u00e3o e Controle)<\/strong> surge como uma ferramenta essencial \u2014 e o <strong data-start=\"1164\" data-end=\"1207\">RH tem papel fundamental nesse processo<\/strong>, mesmo que a execu\u00e7\u00e3o t\u00e9cnica fique a cargo da engenharia ou manuten\u00e7\u00e3o predial.<\/p><p><style>\/*! elementor - v3.12.2 - 23-04-2023 *\/<br \/>.elementor-heading-title{padding:0;margin:0;line-height:1}.elementor-widget-heading .elementor-heading-title[class*=elementor-size-]>a{color:inherit;font-size:inherit;line-height:inherit}.elementor-widget-heading .elementor-heading-title.elementor-size-small{font-size:15px}.elementor-widget-heading .elementor-heading-title.elementor-size-medium{font-size:19px}.elementor-widget-heading .elementor-heading-title.elementor-size-large{font-size:29px}.elementor-widget-heading .elementor-heading-title.elementor-size-xl{font-size:39px}.elementor-widget-heading .elementor-heading-title.elementor-size-xxl{font-size:59px}<\/style><\/p><h2>1. Por que a qualidade do ar no escrit\u00f3rio merece aten\u00e7\u00e3o do RH?<\/h2><p data-start=\"1369\" data-end=\"1526\">Em edif\u00edcios corporativos, o ar circula constantemente pelos sistemas de climatiza\u00e7\u00e3o. Quando esses sistemas n\u00e3o recebem manuten\u00e7\u00e3o adequada, podem acumular:<\/p><ul data-start=\"1528\" data-end=\"1709\"><li data-start=\"1528\" data-end=\"1563\"><p data-start=\"1530\" data-end=\"1563\"><strong>Poeira e part\u00edculas em suspens\u00e3o;<\/strong><\/p><\/li><li data-start=\"1564\" data-end=\"1612\"><p data-start=\"1566\" data-end=\"1612\"><strong>Fungos, bact\u00e9rias e outros agentes biol\u00f3gicos;<\/strong><\/p><\/li><li data-start=\"1613\" data-end=\"1661\"><p data-start=\"1615\" data-end=\"1661\"><strong>Altos n\u00edveis de CO\u2082 devido \u00e0 ocupa\u00e7\u00e3o intensa;<\/strong><\/p><\/li><li data-start=\"1662\" data-end=\"1709\"><p data-start=\"1664\" data-end=\"1709\"><strong>Odores e compostos org\u00e2nicos vol\u00e1teis (COVs).<\/strong><\/p><\/li><\/ul><p data-start=\"1711\" data-end=\"1934\">Esses fatores est\u00e3o diretamente ligados a sintomas como <strong data-start=\"1767\" data-end=\"1855\">dor de cabe\u00e7a, irrita\u00e7\u00e3o nos olhos, fadiga, sonol\u00eancia e dificuldade de concentra\u00e7\u00e3o<\/strong> \u2014 problemas que impactam diretamente o clima organizacional e a produtividade.<\/p><h2>2. Como o PMOC atua na qualidade do ar<\/h2><p><img loading=\"lazy\" class=\"aligncenter wp-image-2952 size-full\" src=\"https:\/\/precisaoeng.com\/blogprecisao\/wp-content\/uploads\/2026\/01\/pmoc-ar-condicionado-02.webp\" alt=\"\" width=\"600\" height=\"400\" \/><\/p><p data-start=\"1989\" data-end=\"2150\">Um PMOC bem executado garante que os sistemas de climatiza\u00e7\u00e3o operem dentro dos par\u00e2metros corretos de higiene, efici\u00eancia e seguran\u00e7a. Na pr\u00e1tica, ele assegura:<\/p><p data-start=\"2152\" data-end=\"2375\">\u2714\ufe0f Troca e limpeza peri\u00f3dica de filtros<br data-start=\"2191\" data-end=\"2194\" \/>\u2714\ufe0f Higieniza\u00e7\u00e3o de serpentinas e bandejas de condensado<br data-start=\"2249\" data-end=\"2252\" \/>\u2714\ufe0f Controle da umidade e temperatura<br data-start=\"2288\" data-end=\"2291\" \/>\u2714\ufe0f Renova\u00e7\u00e3o adequada do ar interno<br data-start=\"2326\" data-end=\"2329\" \/>\u2714\ufe0f Redu\u00e7\u00e3o da prolifera\u00e7\u00e3o de microrganismos<\/p><p data-start=\"2377\" data-end=\"2474\">Isso resulta em <strong data-start=\"2393\" data-end=\"2473\">ar mais limpo, ambiente mais confort\u00e1vel e menor risco \u00e0 sa\u00fade dos ocupantes<\/strong>.<\/p><h2>3. O que o RH precisa saber e acompanhar<\/h2><p data-start=\"2535\" data-end=\"2630\">Mesmo n\u00e3o sendo respons\u00e1vel t\u00e9cnico pelo PMOC, o RH pode e deve acompanhar alguns pontos-chave:<\/p><h4><strong data-start=\"2639\" data-end=\"2670\">\u00a0Indicadores de bem-estar<\/strong><\/h4><ol><li data-start=\"2671\" data-end=\"2713\"><p data-start=\"2673\" data-end=\"2713\"><strong>Reclama\u00e7\u00f5es frequentes sobre o ambiente;<\/strong><\/p><\/li><li data-start=\"2714\" data-end=\"2768\"><p data-start=\"2716\" data-end=\"2768\"><strong>Aumento de afastamentos por problemas respirat\u00f3rios;<\/strong><\/p><\/li><li data-start=\"2769\" data-end=\"2817\"><p data-start=\"2771\" data-end=\"2817\"><strong>Quedas de rendimento em ambientes espec\u00edficos.<\/strong><\/p><\/li><\/ol><p data-start=\"2819\" data-end=\"2900\">Esses sinais podem indicar falhas na climatiza\u00e7\u00e3o ou aus\u00eancia de um PMOC efetivo.<\/p><h3 data-start=\"2902\" data-end=\"2935\"><strong data-start=\"2909\" data-end=\"2935\">\u00a0Comunica\u00e7\u00e3o interna<\/strong><\/h3><p data-start=\"2936\" data-end=\"3074\">Informar os colaboradores sobre manuten\u00e7\u00f5es preventivas e a\u00e7\u00f5es de melhoria refor\u00e7a a percep\u00e7\u00e3o de cuidado da empresa com a sa\u00fade do time.<\/p><h3 data-start=\"3076\" data-end=\"3112\"><strong data-start=\"3083\" data-end=\"3112\">\u00a0Redu\u00e7\u00e3o de absente\u00edsmo<\/strong><\/h3><p data-start=\"3113\" data-end=\"3243\">Ambientes com ar de melhor qualidade tendem a apresentar menos afastamentos, menos desconforto f\u00edsico e maior foco nas atividades.<\/p><h2>4. PMOC como aliado da gest\u00e3o de pessoas<\/h2><p><img loading=\"lazy\" class=\"alignright wp-image-2954 size-full\" src=\"https:\/\/precisaoeng.com\/blogprecisao\/wp-content\/uploads\/2026\/01\/qualidade-do-ar-escritorio-161.webp\" alt=\"\" width=\"1216\" height=\"640\" \/><\/p><p data-start=\"3299\" data-end=\"3431\">Empresas que investem em qualidade ambiental demonstram compromisso com o bem-estar dos colaboradores. Para o RH, isso se traduz em:<\/p><ul data-start=\"3433\" data-end=\"3588\"><li data-start=\"3433\" data-end=\"3473\"><p data-start=\"3435\" data-end=\"3473\">Ambientes mais saud\u00e1veis e produtivos;<\/p><\/li><li data-start=\"3474\" data-end=\"3506\"><p data-start=\"3476\" data-end=\"3506\">Menor rotatividade de pessoal;<\/p><\/li><li data-start=\"3507\" data-end=\"3545\"><p data-start=\"3509\" data-end=\"3545\">Fortalecimento da marca empregadora;<\/p><\/li><li data-start=\"3546\" data-end=\"3588\"><p data-start=\"3548\" data-end=\"3588\">Cumprimento de normas legais e t\u00e9cnicas.<\/p><\/li><\/ul><p data-start=\"3590\" data-end=\"3695\">O PMOC deixa de ser apenas uma exig\u00eancia normativa e passa a ser um <strong data-start=\"3658\" data-end=\"3694\">ativo estrat\u00e9gico da organiza\u00e7\u00e3o<\/strong>.<\/p><p data-start=\"3722\" data-end=\"3965\">A qualidade do ar no escrit\u00f3rio impacta diretamente a sa\u00fade, o desempenho e a satisfa\u00e7\u00e3o dos colaboradores. Por isso, o PMOC deve ser visto pelo RH como um aliado na constru\u00e7\u00e3o de ambientes de trabalho mais saud\u00e1veis, eficientes e humanizados.<\/p><p data-start=\"3967\" data-end=\"4116\">Quando engenharia, manuten\u00e7\u00e3o e RH atuam de forma integrada, os resultados aparecem tanto no bem-estar das pessoas quanto nos indicadores da empresa.<\/p><p><style>\/*! elementor - v3.12.2 - 23-04-2023 *\/<br \/>.elementor-widget-divider{--divider-border-style:none;--divider-border-width:1px;--divider-color:#0c0d0e;--divider-icon-size:20px;--divider-element-spacing:10px;--divider-pattern-height:24px;--divider-pattern-size:20px;--divider-pattern-url:none;--divider-pattern-repeat:repeat-x}.elementor-widget-divider .elementor-divider{display:flex}.elementor-widget-divider .elementor-divider__text{font-size:15px;line-height:1;max-width:95%}.elementor-widget-divider .elementor-divider__element{margin:0 var(--divider-element-spacing);flex-shrink:0}.elementor-widget-divider .elementor-icon{font-size:var(--divider-icon-size)}.elementor-widget-divider .elementor-divider-separator{display:flex;margin:0;direction:ltr}.elementor-widget-divider--view-line_icon .elementor-divider-separator,.elementor-widget-divider--view-line_text .elementor-divider-separator{align-items:center}.elementor-widget-divider--view-line_icon .elementor-divider-separator:after,.elementor-widget-divider--view-line_icon .elementor-divider-separator:before,.elementor-widget-divider--view-line_text .elementor-divider-separator:after,.elementor-widget-divider--view-line_text .elementor-divider-separator:before{display:block;content:\"\";border-bottom:0;flex-grow:1;border-top:var(--divider-border-width) var(--divider-border-style) var(--divider-color)}.elementor-widget-divider--element-align-left .elementor-divider .elementor-divider-separator>.elementor-divider__svg:first-of-type{flex-grow:0;flex-shrink:100}.elementor-widget-divider--element-align-left .elementor-divider-separator:before{content:none}.elementor-widget-divider--element-align-left .elementor-divider__element{margin-left:0}.elementor-widget-divider--element-align-right .elementor-divider .elementor-divider-separator>.elementor-divider__svg:last-of-type{flex-grow:0;flex-shrink:100}.elementor-widget-divider--element-align-right .elementor-divider-separator:after{content:none}.elementor-widget-divider--element-align-right .elementor-divider__element{margin-right:0}.elementor-widget-divider:not(.elementor-widget-divider--view-line_text):not(.elementor-widget-divider--view-line_icon) .elementor-divider-separator{border-top:var(--divider-border-width) var(--divider-border-style) var(--divider-color)}.elementor-widget-divider--separator-type-pattern{--divider-border-style:none}.elementor-widget-divider--separator-type-pattern.elementor-widget-divider--view-line .elementor-divider-separator,.elementor-widget-divider--separator-type-pattern:not(.elementor-widget-divider--view-line) .elementor-divider-separator:after,.elementor-widget-divider--separator-type-pattern:not(.elementor-widget-divider--view-line) .elementor-divider-separator:before,.elementor-widget-divider--separator-type-pattern:not([class*=elementor-widget-divider--view]) .elementor-divider-separator{width:100%;min-height:var(--divider-pattern-height);-webkit-mask-size:var(--divider-pattern-size) 100%;mask-size:var(--divider-pattern-size) 100%;-webkit-mask-repeat:var(--divider-pattern-repeat);mask-repeat:var(--divider-pattern-repeat);background-color:var(--divider-color);-webkit-mask-image:var(--divider-pattern-url);mask-image:var(--divider-pattern-url)}.elementor-widget-divider--no-spacing{--divider-pattern-size:auto}.elementor-widget-divider--bg-round{--divider-pattern-repeat:round}.rtl .elementor-widget-divider .elementor-divider__text{direction:rtl}.e-con-inner>.elementor-widget-divider,.e-con>.elementor-widget-divider{width:var(--container-widget-width,100%);--flex-grow:var(--container-widget-flex-grow)}<\/style><\/p><h3 data-start=\"4634\" data-end=\"4670\">\u2705 Fale com a Precis\u00e3o Engenharia<\/h3><p data-start=\"4157\" data-end=\"4385\"><strong data-start=\"4160\" data-end=\"4228\">Quer garantir um ambiente de trabalho mais saud\u00e1vel e produtivo?<\/strong><br data-start=\"4228\" data-end=\"4231\" \/>Conte com a Precis\u00e3o Engenharia para elaborar e executar o PMOC ideal para o seu escrit\u00f3rio, com foco em efici\u00eancia, conformidade legal e qualidade do ar.<\/p><ul><li><h5><a href=\"https:\/\/api.whatsapp.com\/send\/?phone=5518996945826&amp;text=Ol%C3%A1%2C+vim+pelo+site+da+Precis%C3%A3o+Engenharia%21&amp;type=phone_number&amp;app_absent=0\">\u00a0Whatsapp<\/a><b><\/b><\/h5><\/li><li><h5><b>\u00a0<a href=\"https:\/\/precisaoeng.com\/contato\/\">Precisaoeng.com<\/a><\/b><\/h5><\/li><\/ul>\t\t\t\t\t\t<\/div>\n\t\t\t\t<\/div>\n\t\t\t\t\t<\/div>\n\t\t<\/div>\n\t\t\t\t\t\t\t<\/div>\n\t\t<\/section>\n\t\t\t\t\t\t\t<\/div>\n\t\t","protected":false},"excerpt":{"rendered":"<p>PMOC em Escrit\u00f3rios: O que o RH precisa saber sobre a qualidade do ar Em escrit\u00f3rios corporativos, a qualidade do ar interno deixou de ser apenas uma quest\u00e3o de conforto e passou a ser um fator estrat\u00e9gico de sa\u00fade ocupacional, produtividade e reten\u00e7\u00e3o de talentos. Ambientes climatizados sem manuten\u00e7\u00e3o adequada podem se tornar fontes de desconforto, doen\u00e7as respirat\u00f3rias e queda no desempenho dos colaboradores. Nesse contexto, o PMOC (Plano de Manuten\u00e7\u00e3o, Opera\u00e7\u00e3o e Controle) surge como uma ferramenta essencial \u2014 e o RH tem papel fundamental nesse processo, mesmo que a execu\u00e7\u00e3o t\u00e9cnica fique a cargo da engenharia ou manuten\u00e7\u00e3o\u2026<\/p>\n","protected":false},"author":18,"featured_media":2958,"comment_status":"open","ping_status":"open","sticky":false,"template":"","format":"standard","meta":{"_uag_custom_page_level_css":"","cybocfi_hide_featured_image":"","_joinchat":[]},"categories":[5,13,16],"tags":[],"ppma_author":[293],"blocksy_meta":{"styles_descriptor":{"styles":{"desktop":"","tablet":"","mobile":""},"google_fonts":[],"version":5}},"yoast_head":"<!-- This site is optimized with the Yoast SEO plugin v19.11 - https:\/\/yoast.com\/wordpress\/plugins\/seo\/ -->\n<title>PMOC em Escrit\u00f3rios: O que o RH precisa saber sobre a qualidade do ar<\/title>\n<meta name=\"description\" content=\"Entenda por que o PMOC \u00e9 essencial para a qualidade do ar em escrit\u00f3rios e como o RH pode reduzir afastamentos, melhorar o bem-estar e aumentar a produtividade.\" \/>\n<meta name=\"robots\" content=\"index, follow, max-snippet:-1, max-image-preview:large, max-video-preview:-1\" \/>\n<link rel=\"canonical\" href=\"https:\/\/precisaoeng.com\/blogprecisao\/pmoc-em-escritorios-o-que-o-rh-precisa-saber-sobre-a-qualidade-do-ar\/\" \/>\n<meta property=\"og:locale\" content=\"pt_BR\" \/>\n<meta property=\"og:type\" content=\"article\" \/>\n<meta property=\"og:title\" content=\"PMOC em Escrit\u00f3rios: O que o RH precisa saber sobre a qualidade do ar\" \/>\n<meta property=\"og:description\" content=\"Entenda por que o PMOC \u00e9 essencial para a qualidade do ar em escrit\u00f3rios e como o RH pode reduzir afastamentos, melhorar o bem-estar e aumentar a produtividade.\" \/>\n<meta property=\"og:url\" content=\"https:\/\/precisaoeng.com\/blogprecisao\/pmoc-em-escritorios-o-que-o-rh-precisa-saber-sobre-a-qualidade-do-ar\/\" \/>\n<meta property=\"article:published_time\" content=\"2026-01-22T16:14:26+00:00\" \/>\n<meta property=\"article:modified_time\" content=\"2026-01-22T16:15:45+00:00\" \/>\n<meta property=\"og:image\" content=\"https:\/\/precisaoeng.com\/blogprecisao\/wp-content\/uploads\/2026\/01\/pmoc-ar-condicionado-01-1.webp\" \/>\n\t<meta property=\"og:image:width\" content=\"600\" \/>\n\t<meta property=\"og:image:height\" content=\"400\" \/>\n\t<meta property=\"og:image:type\" content=\"image\/webp\" \/>\n<meta name=\"author\" content=\"Guilherme Henrique De Oliveira Brito\" \/>\n<meta name=\"twitter:card\" content=\"summary_large_image\" \/>\n<meta name=\"twitter:label1\" content=\"Escrito por\" \/>\n\t<meta name=\"twitter:data1\" content=\"Guilherme Henrique De Oliveira Brito\" \/>\n\t<meta name=\"twitter:label2\" content=\"Est. tempo de leitura\" \/>\n\t<meta name=\"twitter:data2\" content=\"4 minutos\" \/>\n<script type=\"application\/ld+json\" class=\"yoast-schema-graph\">{\"@context\":\"https:\/\/schema.org\",\"@graph\":[{\"@type\":\"WebPage\",\"@id\":\"https:\/\/precisaoeng.com\/blogprecisao\/pmoc-em-escritorios-o-que-o-rh-precisa-saber-sobre-a-qualidade-do-ar\/\",\"url\":\"https:\/\/precisaoeng.com\/blogprecisao\/pmoc-em-escritorios-o-que-o-rh-precisa-saber-sobre-a-qualidade-do-ar\/\",\"name\":\"PMOC em Escrit\u00f3rios: O que o RH precisa saber sobre a qualidade do ar\",\"isPartOf\":{\"@id\":\"https:\/\/precisaoeng.com\/blogprecisao\/#website\"},\"datePublished\":\"2026-01-22T16:14:26+00:00\",\"dateModified\":\"2026-01-22T16:15:45+00:00\",\"author\":{\"@id\":\"https:\/\/precisaoeng.com\/blogprecisao\/#\/schema\/person\/cf10296bd1148617bda846fff214e6a3\"},\"description\":\"Entenda por que o PMOC \u00e9 essencial para a qualidade do ar em escrit\u00f3rios e como o RH pode reduzir afastamentos, melhorar o bem-estar e aumentar a produtividade.\",\"breadcrumb\":{\"@id\":\"https:\/\/precisaoeng.com\/blogprecisao\/pmoc-em-escritorios-o-que-o-rh-precisa-saber-sobre-a-qualidade-do-ar\/#breadcrumb\"},\"inLanguage\":\"pt-BR\",\"potentialAction\":[{\"@type\":\"ReadAction\",\"target\":[\"https:\/\/precisaoeng.com\/blogprecisao\/pmoc-em-escritorios-o-que-o-rh-precisa-saber-sobre-a-qualidade-do-ar\/\"]}]},{\"@type\":\"BreadcrumbList\",\"@id\":\"https:\/\/precisaoeng.com\/blogprecisao\/pmoc-em-escritorios-o-que-o-rh-precisa-saber-sobre-a-qualidade-do-ar\/#breadcrumb\",\"itemListElement\":[{\"@type\":\"ListItem\",\"position\":1,\"name\":\"In\u00edcio\",\"item\":\"https:\/\/precisaoeng.com\/blogprecisao\/\"},{\"@type\":\"ListItem\",\"position\":2,\"name\":\"PMOC em Escrit\u00f3rios: O que o RH precisa saber sobre a qualidade do ar\"}]},{\"@type\":\"WebSite\",\"@id\":\"https:\/\/precisaoeng.com\/blogprecisao\/#website\",\"url\":\"https:\/\/precisaoeng.com\/blogprecisao\/\",\"name\":\"\",\"description\":\"Blog da Precis\u00e3o Engenharia\",\"potentialAction\":[{\"@type\":\"SearchAction\",\"target\":{\"@type\":\"EntryPoint\",\"urlTemplate\":\"https:\/\/precisaoeng.com\/blogprecisao\/?s={search_term_string}\"},\"query-input\":\"required name=search_term_string\"}],\"inLanguage\":\"pt-BR\"},{\"@type\":\"Person\",\"@id\":\"https:\/\/precisaoeng.com\/blogprecisao\/#\/schema\/person\/cf10296bd1148617bda846fff214e6a3\",\"name\":\"Guilherme Henrique De Oliveira Brito\",\"image\":{\"@type\":\"ImageObject\",\"inLanguage\":\"pt-BR\",\"@id\":\"https:\/\/precisaoeng.com\/blogprecisao\/#\/schema\/person\/image\/2b8002c7d598fd3fae466933e26237cf\",\"url\":\"https:\/\/precisaoeng.com\/blogprecisao\/wp-content\/litespeed\/avatar\/8f3e00479a4f6ef05f2269b228108b23.jpg?ver=1777108348\",\"contentUrl\":\"https:\/\/precisaoeng.com\/blogprecisao\/wp-content\/litespeed\/avatar\/8f3e00479a4f6ef05f2269b228108b23.jpg?ver=1777108348\",\"caption\":\"Guilherme Henrique De Oliveira Brito\"},\"url\":\"https:\/\/precisaoeng.com\/blogprecisao\/author\/guilherme-henrique-de-oliveira-brito\/\"}]}<\/script>\n<!-- \/ Yoast SEO plugin. -->","yoast_head_json":{"title":"PMOC em Escrit\u00f3rios: O que o RH precisa saber sobre a qualidade do ar","description":"Entenda por que o PMOC \u00e9 essencial para a qualidade do ar em escrit\u00f3rios e como o RH pode reduzir afastamentos, melhorar o bem-estar e aumentar a produtividade.","robots":{"index":"index","follow":"follow","max-snippet":"max-snippet:-1","max-image-preview":"max-image-preview:large","max-video-preview":"max-video-preview:-1"},"canonical":"https:\/\/precisaoeng.com\/blogprecisao\/pmoc-em-escritorios-o-que-o-rh-precisa-saber-sobre-a-qualidade-do-ar\/","og_locale":"pt_BR","og_type":"article","og_title":"PMOC em Escrit\u00f3rios: O que o RH precisa saber sobre a qualidade do ar","og_description":"Entenda por que o PMOC \u00e9 essencial para a qualidade do ar em escrit\u00f3rios e como o RH pode reduzir afastamentos, melhorar o bem-estar e aumentar a produtividade.","og_url":"https:\/\/precisaoeng.com\/blogprecisao\/pmoc-em-escritorios-o-que-o-rh-precisa-saber-sobre-a-qualidade-do-ar\/","article_published_time":"2026-01-22T16:14:26+00:00","article_modified_time":"2026-01-22T16:15:45+00:00","og_image":[{"width":600,"height":400,"url":"https:\/\/precisaoeng.com\/blogprecisao\/wp-content\/uploads\/2026\/01\/pmoc-ar-condicionado-01-1.webp","type":"image\/webp"}],"author":"Guilherme Henrique De Oliveira Brito","twitter_card":"summary_large_image","twitter_misc":{"Escrito por":"Guilherme Henrique De Oliveira Brito","Est. tempo de leitura":"4 minutos"},"schema":{"@context":"https:\/\/schema.org","@graph":[{"@type":"WebPage","@id":"https:\/\/precisaoeng.com\/blogprecisao\/pmoc-em-escritorios-o-que-o-rh-precisa-saber-sobre-a-qualidade-do-ar\/","url":"https:\/\/precisaoeng.com\/blogprecisao\/pmoc-em-escritorios-o-que-o-rh-precisa-saber-sobre-a-qualidade-do-ar\/","name":"PMOC em Escrit\u00f3rios: O que o RH precisa saber sobre a qualidade do ar","isPartOf":{"@id":"https:\/\/precisaoeng.com\/blogprecisao\/#website"},"datePublished":"2026-01-22T16:14:26+00:00","dateModified":"2026-01-22T16:15:45+00:00","author":{"@id":"https:\/\/precisaoeng.com\/blogprecisao\/#\/schema\/person\/cf10296bd1148617bda846fff214e6a3"},"description":"Entenda por que o PMOC \u00e9 essencial para a qualidade do ar em escrit\u00f3rios e como o RH pode reduzir afastamentos, melhorar o bem-estar e aumentar a produtividade.","breadcrumb":{"@id":"https:\/\/precisaoeng.com\/blogprecisao\/pmoc-em-escritorios-o-que-o-rh-precisa-saber-sobre-a-qualidade-do-ar\/#breadcrumb"},"inLanguage":"pt-BR","potentialAction":[{"@type":"ReadAction","target":["https:\/\/precisaoeng.com\/blogprecisao\/pmoc-em-escritorios-o-que-o-rh-precisa-saber-sobre-a-qualidade-do-ar\/"]}]},{"@type":"BreadcrumbList","@id":"https:\/\/precisaoeng.com\/blogprecisao\/pmoc-em-escritorios-o-que-o-rh-precisa-saber-sobre-a-qualidade-do-ar\/#breadcrumb","itemListElement":[{"@type":"ListItem","position":1,"name":"In\u00edcio","item":"https:\/\/precisaoeng.com\/blogprecisao\/"},{"@type":"ListItem","position":2,"name":"PMOC em Escrit\u00f3rios: O que o RH precisa saber sobre a qualidade do ar"}]},{"@type":"WebSite","@id":"https:\/\/precisaoeng.com\/blogprecisao\/#website","url":"https:\/\/precisaoeng.com\/blogprecisao\/","name":"","description":"Blog da Precis\u00e3o Engenharia","potentialAction":[{"@type":"SearchAction","target":{"@type":"EntryPoint","urlTemplate":"https:\/\/precisaoeng.com\/blogprecisao\/?s={search_term_string}"},"query-input":"required name=search_term_string"}],"inLanguage":"pt-BR"},{"@type":"Person","@id":"https:\/\/precisaoeng.com\/blogprecisao\/#\/schema\/person\/cf10296bd1148617bda846fff214e6a3","name":"Guilherme Henrique De Oliveira Brito","image":{"@type":"ImageObject","inLanguage":"pt-BR","@id":"https:\/\/precisaoeng.com\/blogprecisao\/#\/schema\/person\/image\/2b8002c7d598fd3fae466933e26237cf","url":"https:\/\/precisaoeng.com\/blogprecisao\/wp-content\/litespeed\/avatar\/8f3e00479a4f6ef05f2269b228108b23.jpg?ver=1777108348","contentUrl":"https:\/\/precisaoeng.com\/blogprecisao\/wp-content\/litespeed\/avatar\/8f3e00479a4f6ef05f2269b228108b23.jpg?ver=1777108348","caption":"Guilherme Henrique De Oliveira Brito"},"url":"https:\/\/precisaoeng.com\/blogprecisao\/author\/guilherme-henrique-de-oliveira-brito\/"}]}},"uagb_featured_image_src":{"full":["https:\/\/precisaoeng.com\/blogprecisao\/wp-content\/uploads\/2026\/01\/pmoc-ar-condicionado-01-1.webp",600,400,false],"thumbnail":["https:\/\/precisaoeng.com\/blogprecisao\/wp-content\/uploads\/2026\/01\/pmoc-ar-condicionado-01-1-150x150.webp",150,150,true],"medium":["https:\/\/precisaoeng.com\/blogprecisao\/wp-content\/uploads\/2026\/01\/pmoc-ar-condicionado-01-1-300x200.webp",300,200,true],"medium_large":["https:\/\/precisaoeng.com\/blogprecisao\/wp-content\/uploads\/2026\/01\/pmoc-ar-condicionado-01-1.webp",600,400,false],"large":["https:\/\/precisaoeng.com\/blogprecisao\/wp-content\/uploads\/2026\/01\/pmoc-ar-condicionado-01-1.webp",600,400,false],"1536x1536":["https:\/\/precisaoeng.com\/blogprecisao\/wp-content\/uploads\/2026\/01\/pmoc-ar-condicionado-01-1.webp",600,400,false],"2048x2048":["https:\/\/precisaoeng.com\/blogprecisao\/wp-content\/uploads\/2026\/01\/pmoc-ar-condicionado-01-1.webp",600,400,false]},"uagb_author_info":{"display_name":"Guilherme Henrique De Oliveira Brito","author_link":"https:\/\/precisaoeng.com\/blogprecisao\/author\/guilherme-henrique-de-oliveira-brito\/"},"uagb_comment_info":8,"uagb_excerpt":"PMOC em Escrit\u00f3rios: O que o RH precisa saber sobre a qualidade do ar Em escrit\u00f3rios corporativos, a qualidade do ar interno deixou de ser apenas uma quest\u00e3o de conforto e passou a ser um fator estrat\u00e9gico de sa\u00fade ocupacional, produtividade e reten\u00e7\u00e3o de talentos. Ambientes climatizados sem manuten\u00e7\u00e3o adequada podem se tornar fontes de&hellip;","authors":[{"term_id":293,"user_id":18,"is_guest":0,"slug":"guilherme-henrique-de-oliveira-brito","display_name":"Guilherme Henrique De Oliveira Brito","avatar_url":"https:\/\/precisaoeng.com\/blogprecisao\/wp-content\/litespeed\/avatar\/8f3e00479a4f6ef05f2269b228108b23.jpg?ver=1777108348","user_url":"","last_name":"De Oliveira Brito","first_name":"Guilherme Henrique","job_title":"","description":""}],"rttpg_featured_image_url":{"full":["https:\/\/precisaoeng.com\/blogprecisao\/wp-content\/uploads\/2026\/01\/pmoc-ar-condicionado-01-1.webp",600,400,false],"landscape":["https:\/\/precisaoeng.com\/blogprecisao\/wp-content\/uploads\/2026\/01\/pmoc-ar-condicionado-01-1.webp",600,400,false],"portraits":["https:\/\/precisaoeng.com\/blogprecisao\/wp-content\/uploads\/2026\/01\/pmoc-ar-condicionado-01-1.webp",600,400,false],"thumbnail":["https:\/\/precisaoeng.com\/blogprecisao\/wp-content\/uploads\/2026\/01\/pmoc-ar-condicionado-01-1-150x150.webp",150,150,true],"medium":["https:\/\/precisaoeng.com\/blogprecisao\/wp-content\/uploads\/2026\/01\/pmoc-ar-condicionado-01-1-300x200.webp",300,200,true],"large":["https:\/\/precisaoeng.com\/blogprecisao\/wp-content\/uploads\/2026\/01\/pmoc-ar-condicionado-01-1.webp",600,400,false],"1536x1536":["https:\/\/precisaoeng.com\/blogprecisao\/wp-content\/uploads\/2026\/01\/pmoc-ar-condicionado-01-1.webp",600,400,false],"2048x2048":["https:\/\/precisaoeng.com\/blogprecisao\/wp-content\/uploads\/2026\/01\/pmoc-ar-condicionado-01-1.webp",600,400,false]},"rttpg_author":{"display_name":"Guilherme Henrique De Oliveira Brito","author_link":"https:\/\/precisaoeng.com\/blogprecisao\/author\/guilherme-henrique-de-oliveira-brito\/"},"rttpg_comment":8,"rttpg_category":"<a href=\"https:\/\/precisaoeng.com\/blogprecisao\/category\/climatizacao\/\" rel=\"category tag\">Climatiza\u00e7\u00e3o<\/a> <a href=\"https:\/\/precisaoeng.com\/blogprecisao\/category\/pmoc\/\" rel=\"category tag\">PMOC<\/a> <a href=\"https:\/\/precisaoeng.com\/blogprecisao\/category\/qualidade-do-ar\/\" rel=\"category tag\">Qualidade do ar<\/a>","rttpg_excerpt":"PMOC em Escrit\u00f3rios: O que o RH precisa saber sobre a qualidade do ar Em escrit\u00f3rios corporativos, a qualidade do ar interno deixou de ser apenas uma quest\u00e3o de conforto e passou a ser um fator estrat\u00e9gico de sa\u00fade ocupacional, produtividade e reten\u00e7\u00e3o de talentos. Ambientes climatizados sem manuten\u00e7\u00e3o adequada podem se tornar fontes de&hellip;","_links":{"self":[{"href":"https:\/\/precisaoeng.com\/blogprecisao\/wp-json\/wp\/v2\/posts\/2950"}],"collection":[{"href":"https:\/\/precisaoeng.com\/blogprecisao\/wp-json\/wp\/v2\/posts"}],"about":[{"href":"https:\/\/precisaoeng.com\/blogprecisao\/wp-json\/wp\/v2\/types\/post"}],"author":[{"embeddable":true,"href":"https:\/\/precisaoeng.com\/blogprecisao\/wp-json\/wp\/v2\/users\/18"}],"replies":[{"embeddable":true,"href":"https:\/\/precisaoeng.com\/blogprecisao\/wp-json\/wp\/v2\/comments?post=2950"}],"version-history":[{"count":12,"href":"https:\/\/precisaoeng.com\/blogprecisao\/wp-json\/wp\/v2\/posts\/2950\/revisions"}],"predecessor-version":[{"id":2966,"href":"https:\/\/precisaoeng.com\/blogprecisao\/wp-json\/wp\/v2\/posts\/2950\/revisions\/2966"}],"wp:featuredmedia":[{"embeddable":true,"href":"https:\/\/precisaoeng.com\/blogprecisao\/wp-json\/wp\/v2\/media\/2958"}],"wp:attachment":[{"href":"https:\/\/precisaoeng.com\/blogprecisao\/wp-json\/wp\/v2\/media?parent=2950"}],"wp:term":[{"taxonomy":"category","embeddable":true,"href":"https:\/\/precisaoeng.com\/blogprecisao\/wp-json\/wp\/v2\/categories?post=2950"},{"taxonomy":"post_tag","embeddable":true,"href":"https:\/\/precisaoeng.com\/blogprecisao\/wp-json\/wp\/v2\/tags?post=2950"},{"taxonomy":"author","embeddable":true,"href":"https:\/\/precisaoeng.com\/blogprecisao\/wp-json\/wp\/v2\/ppma_author?post=2950"}],"curies":[{"name":"wp","href":"https:\/\/api.w.org\/{rel}","templated":true}]}}