{"id":2928,"date":"2026-01-14T18:20:59","date_gmt":"2026-01-14T18:20:59","guid":{"rendered":"https:\/\/precisaoeng.com\/blogprecisao\/?p=2928"},"modified":"2026-01-14T18:22:56","modified_gmt":"2026-01-14T18:22:56","slug":"pmoc-reducao-custos-energia-verao","status":"publish","type":"post","link":"https:\/\/precisaoeng.com\/blogprecisao\/pmoc-reducao-custos-energia-verao\/","title":{"rendered":"Redu\u00e7\u00e3o de Custos no Ver\u00e3o: O Impacto do PMOC na Energia"},"content":{"rendered":"\t\t<div data-elementor-type=\"wp-post\" data-elementor-id=\"2928\" class=\"elementor elementor-2928\">\n\t\t\t\t\t\t\t\t\t<section class=\"elementor-section elementor-top-section elementor-element elementor-element-32b2417 elementor-section-boxed elementor-section-height-default elementor-section-height-default\" data-id=\"32b2417\" data-element_type=\"section\">\n\t\t\t\t\t\t<div class=\"elementor-container elementor-column-gap-default\">\n\t\t\t\t\t<div class=\"elementor-column elementor-col-100 elementor-top-column elementor-element elementor-element-cbb2800\" data-id=\"cbb2800\" data-element_type=\"column\">\n\t\t\t<div class=\"elementor-widget-wrap elementor-element-populated\">\n\t\t\t\t\t\t\t\t<div class=\"elementor-element elementor-element-3e312a7 elementor-widget elementor-widget-text-editor\" data-id=\"3e312a7\" data-element_type=\"widget\" data-widget_type=\"text-editor.default\">\n\t\t\t\t<div class=\"elementor-widget-container\">\n\t\t\t<style>\/*! elementor - v3.12.2 - 23-04-2023 *\/\n.elementor-widget-text-editor.elementor-drop-cap-view-stacked .elementor-drop-cap{background-color:#69727d;color:#fff}.elementor-widget-text-editor.elementor-drop-cap-view-framed .elementor-drop-cap{color:#69727d;border:3px solid;background-color:transparent}.elementor-widget-text-editor:not(.elementor-drop-cap-view-default) .elementor-drop-cap{margin-top:8px}.elementor-widget-text-editor:not(.elementor-drop-cap-view-default) .elementor-drop-cap-letter{width:1em;height:1em}.elementor-widget-text-editor .elementor-drop-cap{float:left;text-align:center;line-height:1;font-size:50px}.elementor-widget-text-editor .elementor-drop-cap-letter{display:inline-block}<\/style>\t\t\t\t<p data-path-to-node=\"7\">Com a chegada do ver\u00e3o e as temperaturas superando frequentemente os 30\u00b0C, gestores de facilities e donos de empresas j\u00e1 preveem o impacto inevit\u00e1vel no or\u00e7amento: o aumento expressivo na conta de energia el\u00e9trica.<\/p>\t\t\t\t\t\t<\/div>\n\t\t\t\t<\/div>\n\t\t\t\t<div class=\"elementor-element elementor-element-8bcf30b elementor-widget elementor-widget-text-editor\" data-id=\"8bcf30b\" data-element_type=\"widget\" data-widget_type=\"text-editor.default\">\n\t\t\t\t<div class=\"elementor-widget-container\">\n\t\t\t\t\t\t\t<p>Em edif\u00edcios comerciais, escrit\u00f3rios e com\u00e9rcios, o sistema de climatiza\u00e7\u00e3o (HVAC) pode representar de <b data-path-to-node=\"8\" data-index-in-node=\"103\">40% a 60% do consumo total de energia<\/b> de uma edifica\u00e7\u00e3o. Nos meses quentes, essa demanda atinge seu pico.<\/p>\t\t\t\t\t\t<\/div>\n\t\t\t\t<\/div>\n\t\t\t\t<div class=\"elementor-element elementor-element-54b0873 elementor-widget elementor-widget-text-editor\" data-id=\"54b0873\" data-element_type=\"widget\" data-widget_type=\"text-editor.default\">\n\t\t\t\t<div class=\"elementor-widget-container\">\n\t\t\t\t\t\t\t<p>No entanto, existe uma diferen\u00e7a crucial entre o aumento natural do consumo devido \u00e0 carga t\u00e9rmica elevada e o <b data-path-to-node=\"9\" data-index-in-node=\"111\">desperd\u00edcio<\/b> gerado pela inefici\u00eancia operacional. \u00c9 neste segundo ponto que o PMOC (Plano de Manuten\u00e7\u00e3o, Opera\u00e7\u00e3o e Controle) deixa de ser apenas uma obriga\u00e7\u00e3o legal (Lei 13.589\/18) e se torna uma ferramenta estrat\u00e9gica de engenharia para conten\u00e7\u00e3o de custos.<\/p>\t\t\t\t\t\t<\/div>\n\t\t\t\t<\/div>\n\t\t\t\t<div class=\"elementor-element elementor-element-21721e2 elementor-widget elementor-widget-text-editor\" data-id=\"21721e2\" data-element_type=\"widget\" data-widget_type=\"text-editor.default\">\n\t\t\t\t<div class=\"elementor-widget-container\">\n\t\t\t\t\t\t\t<p>Neste artigo, analisamos tecnicamente como a falta de manuten\u00e7\u00e3o preventiva est\u00e1 inflacionando a sua fatura de energia justamente quando voc\u00ea mais precisa do equipamento.<\/p>\t\t\t\t\t\t<\/div>\n\t\t\t\t<\/div>\n\t\t\t\t<div class=\"elementor-element elementor-element-710e062 elementor-widget elementor-widget-image\" data-id=\"710e062\" data-element_type=\"widget\" data-widget_type=\"image.default\">\n\t\t\t\t<div class=\"elementor-widget-container\">\n\t\t\t<style>\/*! elementor - v3.12.2 - 23-04-2023 *\/\n.elementor-widget-image{text-align:center}.elementor-widget-image a{display:inline-block}.elementor-widget-image a img[src$=\".svg\"]{width:48px}.elementor-widget-image img{vertical-align:middle;display:inline-block}<\/style>\t\t\t\t\t\t\t\t\t<figure class=\"wp-caption\">\n\t\t\t\t\t\t\t\t\t\t<img width=\"1024\" height=\"682\" src=\"https:\/\/precisaoeng.com\/blogprecisao\/wp-content\/uploads\/2026\/01\/istockphoto-1566819053-1024x1024-1.jpg\" class=\"attachment-large size-large wp-image-2931\" alt=\"\" loading=\"lazy\" \/>\t\t\t\t\t\t\t\t\t\t\t<figcaption class=\"widget-image-caption wp-caption-text\">Close Up Of Woman Opening American Dollar Energy Bill During Cost Of Living Crisis<\/figcaption>\n\t\t\t\t\t\t\t\t\t\t<\/figure>\n\t\t\t\t\t\t\t\t\t<\/div>\n\t\t\t\t<\/div>\n\t\t\t\t<div class=\"elementor-element elementor-element-efa7b41 elementor-widget elementor-widget-heading\" data-id=\"efa7b41\" data-element_type=\"widget\" data-widget_type=\"heading.default\">\n\t\t\t\t<div class=\"elementor-widget-container\">\n\t\t\t<style>\/*! elementor - v3.12.2 - 23-04-2023 *\/\n.elementor-heading-title{padding:0;margin:0;line-height:1}.elementor-widget-heading .elementor-heading-title[class*=elementor-size-]>a{color:inherit;font-size:inherit;line-height:inherit}.elementor-widget-heading .elementor-heading-title.elementor-size-small{font-size:15px}.elementor-widget-heading .elementor-heading-title.elementor-size-medium{font-size:19px}.elementor-widget-heading .elementor-heading-title.elementor-size-large{font-size:29px}.elementor-widget-heading .elementor-heading-title.elementor-size-xl{font-size:39px}.elementor-widget-heading .elementor-heading-title.elementor-size-xxl{font-size:59px}<\/style><h2 class=\"elementor-heading-title elementor-size-default\">A Termodin\u00e2mica do Desperd\u00edcio: Por que um aparelho sujo gasta mais?<\/h2>\t\t<\/div>\n\t\t\t\t<\/div>\n\t\t\t\t<div class=\"elementor-element elementor-element-43965ba elementor-widget elementor-widget-text-editor\" data-id=\"43965ba\" data-element_type=\"widget\" data-widget_type=\"text-editor.default\">\n\t\t\t\t<div class=\"elementor-widget-container\">\n\t\t\t\t\t\t\t<p>Para entender o impacto financeiro, precisamos entender o princ\u00edpio b\u00e1sico da refrigera\u00e7\u00e3o: <b data-path-to-node=\"16\" data-index-in-node=\"92\">troca t\u00e9rmica<\/b>. O ar-condicionado n\u00e3o &#8220;gera&#8221; frio; ele remove calor do ambiente interno e o rejeita no ambiente externo.<\/p>\t\t\t\t\t\t<\/div>\n\t\t\t\t<\/div>\n\t\t\t\t<div class=\"elementor-element elementor-element-fbb5746 elementor-widget elementor-widget-text-editor\" data-id=\"fbb5746\" data-element_type=\"widget\" data-widget_type=\"text-editor.default\">\n\t\t\t\t<div class=\"elementor-widget-container\">\n\t\t\t\t\t\t\t<p>Esse processo ocorre nas serpentinas (trocadores de calor) das unidades evaporadora (interna) e condensadora (externa).<\/p>\t\t\t\t\t\t<\/div>\n\t\t\t\t<\/div>\n\t\t\t\t<div class=\"elementor-element elementor-element-78b0f99 elementor-widget elementor-widget-text-editor\" data-id=\"78b0f99\" data-element_type=\"widget\" data-widget_type=\"text-editor.default\">\n\t\t\t\t<div class=\"elementor-widget-container\">\n\t\t\t\t\t\t\t<p data-path-to-node=\"18\">O problema come\u00e7a quando o PMOC \u00e9 negligenciado. O ac\u00famulo de poeira, fuligem e biofilme nessas serpentinas cria uma camada isolante. <b data-path-to-node=\"18\" data-index-in-node=\"134\">Do ponto de vista da engenharia, isso \u00e9 catastr\u00f3fico para a efici\u00eancia:<\/b><\/p><ol start=\"1\" data-path-to-node=\"19\"><li><p data-path-to-node=\"19,0,0\"><b data-path-to-node=\"19,0,0\" data-index-in-node=\"3\">Isolamento T\u00e9rmico:<\/b> A sujeira impede que o fluido refrigerante troque calor eficientemente com o ar.<\/p><\/li><li><p data-path-to-node=\"19,1,0\"><b data-path-to-node=\"19,1,0\" data-index-in-node=\"3\">Sobrecarga do Compressor:<\/b> Para compensar a dificuldade na troca de calor e atingir a temperatura desejada (<i data-path-to-node=\"19,1,0\" data-index-in-node=\"110\">setpoint<\/i>), o compressor \u2014 o &#8220;cora\u00e7\u00e3o&#8221; do sistema e maior consumidor de energia \u2014 precisa trabalhar por per\u00edodos mais longos e sob press\u00f5es mais altas.<\/p><\/li><\/ol>\t\t\t\t\t\t<\/div>\n\t\t\t\t<\/div>\n\t\t\t\t<div class=\"elementor-element elementor-element-aa69e60 elementor-widget elementor-widget-text-editor\" data-id=\"aa69e60\" data-element_type=\"widget\" data-widget_type=\"text-editor.default\">\n\t\t\t\t<div class=\"elementor-widget-container\">\n\t\t\t\t\t\t\t<p><b data-path-to-node=\"20\" data-index-in-node=\"0\">O resultado pr\u00e1tico:<\/b> O equipamento opera com uma corrente el\u00e9trica (amperagem) superior \u00e0 de projeto. Estudos internacionais (como os da ASHRAE) indicam que serpentinas sujas podem aumentar o consumo de energia entre <b data-path-to-node=\"20\" data-index-in-node=\"217\">15% a 30%<\/b>.<\/p>\t\t\t\t\t\t<\/div>\n\t\t\t\t<\/div>\n\t\t\t\t<div class=\"elementor-element elementor-element-f803916 elementor-widget elementor-widget-text-editor\" data-id=\"f803916\" data-element_type=\"widget\" data-widget_type=\"text-editor.default\">\n\t\t\t\t<div class=\"elementor-widget-container\">\n\t\t\t\t\t\t\t<p>No final do m\u00eas, voc\u00ea est\u00e1 pagando essa sobrecarga na sua conta de luz, sem obter nenhum conforto adicional em troca.<\/p>\t\t\t\t\t\t<\/div>\n\t\t\t\t<\/div>\n\t\t\t\t<div class=\"elementor-element elementor-element-4e61800 elementor-widget elementor-widget-image\" data-id=\"4e61800\" data-element_type=\"widget\" data-widget_type=\"image.default\">\n\t\t\t\t<div class=\"elementor-widget-container\">\n\t\t\t\t\t\t\t\t\t\t\t\t<figure class=\"wp-caption\">\n\t\t\t\t\t\t\t\t\t\t<img width=\"1024\" height=\"682\" src=\"https:\/\/precisaoeng.com\/blogprecisao\/wp-content\/uploads\/2026\/01\/istockphoto-1292606122-1024x1024-1.jpg\" class=\"attachment-large size-large wp-image-2932\" alt=\"\" loading=\"lazy\" \/>\t\t\t\t\t\t\t\t\t\t\t<figcaption class=\"widget-image-caption wp-caption-text\">Close up of a clean and dirty filter. Home air conditioner replacement and cleaning concept<\/figcaption>\n\t\t\t\t\t\t\t\t\t\t<\/figure>\n\t\t\t\t\t\t\t\t\t<\/div>\n\t\t\t\t<\/div>\n\t\t\t\t<div class=\"elementor-element elementor-element-157f856 elementor-widget elementor-widget-heading\" data-id=\"157f856\" data-element_type=\"widget\" data-widget_type=\"heading.default\">\n\t\t\t\t<div class=\"elementor-widget-container\">\n\t\t\t<h2 class=\"elementor-heading-title elementor-size-default\">O PMOC como Ferramenta de Efici\u00eancia Energ\u00e9tica<\/h2>\t\t<\/div>\n\t\t\t\t<\/div>\n\t\t\t\t<div class=\"elementor-element elementor-element-eb8c70c elementor-widget elementor-widget-text-editor\" data-id=\"eb8c70c\" data-element_type=\"widget\" data-widget_type=\"text-editor.default\">\n\t\t\t\t<div class=\"elementor-widget-container\">\n\t\t\t\t\t\t\t<p>Muitos gestores encaram o custo do contrato de PMOC como uma despesa extra. A an\u00e1lise t\u00e9cnica, contudo, demonstra que o PMOC se paga atrav\u00e9s da economia operacional (OPEX).<\/p>\t\t\t\t\t\t<\/div>\n\t\t\t\t<\/div>\n\t\t\t\t<div class=\"elementor-element elementor-element-79b666b elementor-widget elementor-widget-text-editor\" data-id=\"79b666b\" data-element_type=\"widget\" data-widget_type=\"text-editor.default\">\n\t\t\t\t<div class=\"elementor-widget-container\">\n\t\t\t\t\t\t\t<p data-path-to-node=\"28\">Um plano de manuten\u00e7\u00e3o bem executado pela <b data-path-to-node=\"28\" data-index-in-node=\"42\">Precis\u00e3o Engenharia<\/b> n\u00e3o se resume a limpar filtros. Ele envolve rotinas t\u00e9cnicas que garantem que o equipamento opere na sua curva de efici\u00eancia m\u00e1xima:<\/p><ul data-path-to-node=\"29\"><li><p data-path-to-node=\"29,0,0\"><b data-path-to-node=\"29,0,0\" data-index-in-node=\"0\">Limpeza Qu\u00edmica das Serpentinas:<\/b> Restaura a capacidade original de troca t\u00e9rmica das unidades condensadoras e evaporadoras.<\/p><\/li><li><p data-path-to-node=\"29,1,0\"><b data-path-to-node=\"29,1,0\" data-index-in-node=\"0\">Verifica\u00e7\u00e3o de G\u00e1s Refrigerante:<\/b> Cargas incorretas (para mais ou para menos) for\u00e7am o compressor e derrubam o rendimento.<\/p><\/li><li><p data-path-to-node=\"29,2,0\"><b data-path-to-node=\"29,2,0\" data-index-in-node=\"0\">An\u00e1lise de Corrente e Tens\u00e3o:<\/b> Monitoramento para garantir que os componentes el\u00e9tricos n\u00e3o est\u00e3o operando em sobrecarga.<\/p><\/li><li><p data-path-to-node=\"29,3,0\"><b data-path-to-node=\"29,3,0\" data-index-in-node=\"0\">Lubrifica\u00e7\u00e3o e Ajuste de Ventiladores:<\/b> Garante o fluxo de ar correto, essencial para o ciclo de refrigera\u00e7\u00e3o.<\/p><\/li><\/ul>\t\t\t\t\t\t<\/div>\n\t\t\t\t<\/div>\n\t\t\t\t<div class=\"elementor-element elementor-element-c45b086 elementor-widget elementor-widget-text-editor\" data-id=\"c45b086\" data-element_type=\"widget\" data-widget_type=\"text-editor.default\">\n\t\t\t\t<div class=\"elementor-widget-container\">\n\t\t\t\t\t\t\t<p>Ao manter o sistema limpo e calibrado, o compressor trabalha &#8220;leve&#8221;, atingindo a temperatura desejada mais rapidamente e com menor consumo de kWh.<\/p>\t\t\t\t\t\t<\/div>\n\t\t\t\t<\/div>\n\t\t\t\t<div class=\"elementor-element elementor-element-5a48a5f elementor-widget elementor-widget-heading\" data-id=\"5a48a5f\" data-element_type=\"widget\" data-widget_type=\"heading.default\">\n\t\t\t\t<div class=\"elementor-widget-container\">\n\t\t\t<h2 class=\"elementor-heading-title elementor-size-default\">Al\u00e9m da Conta de Luz: O Custo Oculto da Corretiva<\/h2>\t\t<\/div>\n\t\t\t\t<\/div>\n\t\t\t\t<div class=\"elementor-element elementor-element-ea5e8ca elementor-widget elementor-widget-text-editor\" data-id=\"ea5e8ca\" data-element_type=\"widget\" data-widget_type=\"text-editor.default\">\n\t\t\t\t<div class=\"elementor-widget-container\">\n\t\t\t\t\t\t\t<p>O ver\u00e3o n\u00e3o traz apenas contas altas; ele traz tamb\u00e9m o risco de paradas n\u00e3o planejadas. Um equipamento que opera sujo e sobrecarregado durante uma onda de calor est\u00e1 na imin\u00eancia de uma falha cr\u00edtica (como a queima do compressor).<\/p>\t\t\t\t\t\t<\/div>\n\t\t\t\t<\/div>\n\t\t\t\t<div class=\"elementor-element elementor-element-f57f28f elementor-widget elementor-widget-text-editor\" data-id=\"f57f28f\" data-element_type=\"widget\" data-widget_type=\"text-editor.default\">\n\t\t\t\t<div class=\"elementor-widget-container\">\n\t\t\t\t\t\t\t<p>O custo de uma manuten\u00e7\u00e3o corretiva emergencial no auge do ver\u00e3o \u2014 somado ao preju\u00edzo de ter um ambiente comercial ou escrit\u00f3rio sem climatiza\u00e7\u00e3o \u2014 supera, e muito, o investimento anual em um PMOC preventivo.<\/p>\t\t\t\t\t\t<\/div>\n\t\t\t\t<\/div>\n\t\t\t\t<div class=\"elementor-element elementor-element-729da90 elementor-widget elementor-widget-heading\" data-id=\"729da90\" data-element_type=\"widget\" data-widget_type=\"heading.default\">\n\t\t\t\t<div class=\"elementor-widget-container\">\n\t\t\t<h2 class=\"elementor-heading-title elementor-size-default\">Conclus\u00e3o<\/h2>\t\t<\/div>\n\t\t\t\t<\/div>\n\t\t\t\t<div class=\"elementor-element elementor-element-20a7af9 elementor-widget elementor-widget-text-editor\" data-id=\"20a7af9\" data-element_type=\"widget\" data-widget_type=\"text-editor.default\">\n\t\t\t\t<div class=\"elementor-widget-container\">\n\t\t\t\t\t\t\t<p>Encarar o ver\u00e3o sem um PMOC ativo \u00e9 aceitar pagar uma &#8220;taxa de inefici\u00eancia&#8221; na sua conta de energia el\u00e9trica.<\/p>\t\t\t\t\t\t<\/div>\n\t\t\t\t<\/div>\n\t\t\t\t<div class=\"elementor-element elementor-element-0de9406 elementor-widget elementor-widget-text-editor\" data-id=\"0de9406\" data-element_type=\"widget\" data-widget_type=\"text-editor.default\">\n\t\t\t\t<div class=\"elementor-widget-container\">\n\t\t\t\t\t\t\t<p>Em um cen\u00e1rio econ\u00f4mico onde cada real conta, a engenharia de manuten\u00e7\u00e3o oferece um caminho claro para reduzir custos fixos sem sacrificar o conforto de clientes e colaboradores.<\/p>\t\t\t\t\t\t<\/div>\n\t\t\t\t<\/div>\n\t\t\t\t<div class=\"elementor-element elementor-element-4b8417c elementor-widget elementor-widget-text-editor\" data-id=\"4b8417c\" data-element_type=\"widget\" data-widget_type=\"text-editor.default\">\n\t\t\t\t<div class=\"elementor-widget-container\">\n\t\t\t\t\t\t\t<p>Na <b data-path-to-node=\"42\" data-index-in-node=\"3\">Precis\u00e3o Engenharia<\/b>, nossos planos s\u00e3o desenhados para garantir n\u00e3o apenas a conformidade legal, mas a m\u00e1xima performance dos seus ativos de climatiza\u00e7\u00e3o.<\/p>\t\t\t\t\t\t<\/div>\n\t\t\t\t<\/div>\n\t\t\t\t<div class=\"elementor-element elementor-element-bf4bc4b elementor-widget elementor-widget-text-editor\" data-id=\"bf4bc4b\" data-element_type=\"widget\" data-widget_type=\"text-editor.default\">\n\t\t\t\t<div class=\"elementor-widget-container\">\n\t\t\t\t\t\t\t<p><b>N\u00e3o espere a pr\u00f3xima conta de luz chegar. Prepare sua empresa para o ver\u00e3o com intelig\u00eancia t\u00e9cnica. Solicite uma avalia\u00e7\u00e3o da sua estrutura hoje mesmo.<\/b><\/p>\t\t\t\t\t\t<\/div>\n\t\t\t\t<\/div>\n\t\t\t\t<div class=\"elementor-element elementor-element-a66e0cf elementor-widget elementor-widget-text-editor\" data-id=\"a66e0cf\" data-element_type=\"widget\" data-widget_type=\"text-editor.default\">\n\t\t\t\t<div class=\"elementor-widget-container\">\n\t\t\t\t\t\t\t<ul style=\"margin-bottom: 24px; font-size: 16px; text-align: start; list-style-type: disc; padding-inline-start: 40px;\"><li style=\"margin-bottom: 4.8px;\"><h5 style=\"font-size: 20px; line-height: 1.5; color: #192a3d; font-family: -apple-system, BlinkMacSystemFont, 'Segoe UI', Roboto, Helvetica, Arial, sans-serif, 'Apple Color Emoji', 'Segoe UI Emoji', 'Segoe UI Symbol'; font-weight: bold; font-style: normal; letter-spacing: normal; text-transform: none; text-decoration: #192a3d; --fontsize: 20px; --lineheight: 1.5;\"><a style=\"transition-property: all; color: #2872fa;\" href=\"https:\/\/api.whatsapp.com\/send\/?phone=5518996945826&amp;text=Ol%C3%A1%2C+vim+pelo+site+da+Precis%C3%A3o+Engenharia%21&amp;type=phone_number&amp;app_absent=0\">\u00a0Whatsapp<\/a><b><\/b><\/h5><\/li><li><h5 style=\"font-size: 20px; line-height: 1.5; color: #192a3d; font-family: -apple-system, BlinkMacSystemFont, 'Segoe UI', Roboto, Helvetica, Arial, sans-serif, 'Apple Color Emoji', 'Segoe UI Emoji', 'Segoe UI Symbol'; font-weight: bold; font-style: normal; letter-spacing: normal; text-transform: none; text-decoration: #192a3d; --fontsize: 20px; --lineheight: 1.5;\"><b>\u00a0<a style=\"transition-property: all; color: #2872fa;\" href=\"https:\/\/precisaoeng.com\/contato\/\">Precisaoeng.com<\/a><\/b><\/h5><\/li><\/ul>\t\t\t\t\t\t<\/div>\n\t\t\t\t<\/div>\n\t\t\t\t\t<\/div>\n\t\t<\/div>\n\t\t\t\t\t\t\t<\/div>\n\t\t<\/section>\n\t\t\t\t\t\t\t<\/div>\n\t\t","protected":false},"excerpt":{"rendered":"<p>Com a chegada do ver\u00e3o e as temperaturas superando frequentemente os 30\u00b0C, gestores de facilities e donos de empresas j\u00e1 preveem o impacto inevit\u00e1vel no or\u00e7amento: o aumento expressivo na conta de energia el\u00e9trica. Em edif\u00edcios comerciais, escrit\u00f3rios e com\u00e9rcios, o sistema de climatiza\u00e7\u00e3o (HVAC) pode representar de 40% a 60% do consumo total de energia de uma edifica\u00e7\u00e3o. Nos meses quentes, essa demanda atinge seu pico. No entanto, existe uma diferen\u00e7a crucial entre o aumento natural do consumo devido \u00e0 carga t\u00e9rmica elevada e o desperd\u00edcio gerado pela inefici\u00eancia operacional. \u00c9 neste segundo ponto que o PMOC (Plano de\u2026<\/p>\n","protected":false},"author":19,"featured_media":2930,"comment_status":"open","ping_status":"open","sticky":false,"template":"","format":"standard","meta":{"_uag_custom_page_level_css":"","cybocfi_hide_featured_image":"","_joinchat":[]},"categories":[1],"tags":[],"ppma_author":[365],"blocksy_meta":{"styles_descriptor":{"styles":{"desktop":"","tablet":"","mobile":""},"google_fonts":[],"version":5}},"yoast_head":"<!-- This site is optimized with the Yoast SEO plugin v19.11 - https:\/\/yoast.com\/wordpress\/plugins\/seo\/ -->\n<title>Redu\u00e7\u00e3o de Custos no Ver\u00e3o: O Impacto do PMOC na Energia<\/title>\n<meta name=\"description\" content=\"Reduza o desperd\u00edcio de energia no ver\u00e3o. Entenda como a manuten\u00e7\u00e3o preventiva (PMOC) otimiza o ar-condicionado e protege o or\u00e7amento da sua empresa.\" \/>\n<meta name=\"robots\" content=\"index, follow, max-snippet:-1, max-image-preview:large, max-video-preview:-1\" \/>\n<link rel=\"canonical\" href=\"https:\/\/precisaoeng.com\/blogprecisao\/pmoc-reducao-custos-energia-verao\/\" \/>\n<meta property=\"og:locale\" content=\"pt_BR\" \/>\n<meta property=\"og:type\" content=\"article\" \/>\n<meta property=\"og:title\" content=\"Redu\u00e7\u00e3o de Custos no Ver\u00e3o: O Impacto do PMOC na Energia\" \/>\n<meta property=\"og:description\" content=\"Reduza o desperd\u00edcio de energia no ver\u00e3o. Entenda como a manuten\u00e7\u00e3o preventiva (PMOC) otimiza o ar-condicionado e protege o or\u00e7amento da sua empresa.\" \/>\n<meta property=\"og:url\" content=\"https:\/\/precisaoeng.com\/blogprecisao\/pmoc-reducao-custos-energia-verao\/\" \/>\n<meta property=\"article:published_time\" content=\"2026-01-14T18:20:59+00:00\" \/>\n<meta property=\"article:modified_time\" content=\"2026-01-14T18:22:56+00:00\" \/>\n<meta property=\"og:image\" content=\"https:\/\/precisaoeng.com\/blogprecisao\/wp-content\/uploads\/2026\/01\/istockphoto-1398212433-1024x1024-1.jpg\" \/>\n\t<meta property=\"og:image:width\" content=\"1024\" \/>\n\t<meta property=\"og:image:height\" content=\"683\" \/>\n\t<meta property=\"og:image:type\" content=\"image\/jpeg\" \/>\n<meta name=\"author\" content=\"Matheus Cesar Silva Gava\" \/>\n<meta name=\"twitter:card\" content=\"summary_large_image\" \/>\n<meta name=\"twitter:label1\" content=\"Escrito por\" \/>\n\t<meta name=\"twitter:data1\" content=\"Matheus Cesar Silva Gava\" \/>\n\t<meta name=\"twitter:label2\" content=\"Est. tempo de leitura\" \/>\n\t<meta name=\"twitter:data2\" content=\"5 minutos\" \/>\n<script type=\"application\/ld+json\" class=\"yoast-schema-graph\">{\"@context\":\"https:\/\/schema.org\",\"@graph\":[{\"@type\":\"WebPage\",\"@id\":\"https:\/\/precisaoeng.com\/blogprecisao\/pmoc-reducao-custos-energia-verao\/\",\"url\":\"https:\/\/precisaoeng.com\/blogprecisao\/pmoc-reducao-custos-energia-verao\/\",\"name\":\"Redu\u00e7\u00e3o de Custos no Ver\u00e3o: O Impacto do PMOC na Energia\",\"isPartOf\":{\"@id\":\"https:\/\/precisaoeng.com\/blogprecisao\/#website\"},\"datePublished\":\"2026-01-14T18:20:59+00:00\",\"dateModified\":\"2026-01-14T18:22:56+00:00\",\"author\":{\"@id\":\"https:\/\/precisaoeng.com\/blogprecisao\/#\/schema\/person\/12dbd2a41c196a426651d1aa3a67d219\"},\"description\":\"Reduza o desperd\u00edcio de energia no ver\u00e3o. Entenda como a manuten\u00e7\u00e3o preventiva (PMOC) otimiza o ar-condicionado e protege o or\u00e7amento da sua empresa.\",\"breadcrumb\":{\"@id\":\"https:\/\/precisaoeng.com\/blogprecisao\/pmoc-reducao-custos-energia-verao\/#breadcrumb\"},\"inLanguage\":\"pt-BR\",\"potentialAction\":[{\"@type\":\"ReadAction\",\"target\":[\"https:\/\/precisaoeng.com\/blogprecisao\/pmoc-reducao-custos-energia-verao\/\"]}]},{\"@type\":\"BreadcrumbList\",\"@id\":\"https:\/\/precisaoeng.com\/blogprecisao\/pmoc-reducao-custos-energia-verao\/#breadcrumb\",\"itemListElement\":[{\"@type\":\"ListItem\",\"position\":1,\"name\":\"In\u00edcio\",\"item\":\"https:\/\/precisaoeng.com\/blogprecisao\/\"},{\"@type\":\"ListItem\",\"position\":2,\"name\":\"Redu\u00e7\u00e3o de Custos no Ver\u00e3o: O Impacto do PMOC na Energia\"}]},{\"@type\":\"WebSite\",\"@id\":\"https:\/\/precisaoeng.com\/blogprecisao\/#website\",\"url\":\"https:\/\/precisaoeng.com\/blogprecisao\/\",\"name\":\"\",\"description\":\"Blog da Precis\u00e3o Engenharia\",\"potentialAction\":[{\"@type\":\"SearchAction\",\"target\":{\"@type\":\"EntryPoint\",\"urlTemplate\":\"https:\/\/precisaoeng.com\/blogprecisao\/?s={search_term_string}\"},\"query-input\":\"required name=search_term_string\"}],\"inLanguage\":\"pt-BR\"},{\"@type\":\"Person\",\"@id\":\"https:\/\/precisaoeng.com\/blogprecisao\/#\/schema\/person\/12dbd2a41c196a426651d1aa3a67d219\",\"name\":\"Matheus Cesar Silva Gava\",\"image\":{\"@type\":\"ImageObject\",\"inLanguage\":\"pt-BR\",\"@id\":\"https:\/\/precisaoeng.com\/blogprecisao\/#\/schema\/person\/image\/1c94e2fca7ce32b9b38307ab10dfa0b8\",\"url\":\"https:\/\/precisaoeng.com\/blogprecisao\/wp-content\/litespeed\/avatar\/eceebbbf49420289643066f98881ec7b.jpg?ver=1777103641\",\"contentUrl\":\"https:\/\/precisaoeng.com\/blogprecisao\/wp-content\/litespeed\/avatar\/eceebbbf49420289643066f98881ec7b.jpg?ver=1777103641\",\"caption\":\"Matheus Cesar Silva Gava\"},\"url\":\"https:\/\/precisaoeng.com\/blogprecisao\/author\/matheus-cesar-silva-gava\/\"}]}<\/script>\n<!-- \/ Yoast SEO plugin. -->","yoast_head_json":{"title":"Redu\u00e7\u00e3o de Custos no Ver\u00e3o: O Impacto do PMOC na Energia","description":"Reduza o desperd\u00edcio de energia no ver\u00e3o. Entenda como a manuten\u00e7\u00e3o preventiva (PMOC) otimiza o ar-condicionado e protege o or\u00e7amento da sua empresa.","robots":{"index":"index","follow":"follow","max-snippet":"max-snippet:-1","max-image-preview":"max-image-preview:large","max-video-preview":"max-video-preview:-1"},"canonical":"https:\/\/precisaoeng.com\/blogprecisao\/pmoc-reducao-custos-energia-verao\/","og_locale":"pt_BR","og_type":"article","og_title":"Redu\u00e7\u00e3o de Custos no Ver\u00e3o: O Impacto do PMOC na Energia","og_description":"Reduza o desperd\u00edcio de energia no ver\u00e3o. Entenda como a manuten\u00e7\u00e3o preventiva (PMOC) otimiza o ar-condicionado e protege o or\u00e7amento da sua empresa.","og_url":"https:\/\/precisaoeng.com\/blogprecisao\/pmoc-reducao-custos-energia-verao\/","article_published_time":"2026-01-14T18:20:59+00:00","article_modified_time":"2026-01-14T18:22:56+00:00","og_image":[{"width":1024,"height":683,"url":"https:\/\/precisaoeng.com\/blogprecisao\/wp-content\/uploads\/2026\/01\/istockphoto-1398212433-1024x1024-1.jpg","type":"image\/jpeg"}],"author":"Matheus Cesar Silva Gava","twitter_card":"summary_large_image","twitter_misc":{"Escrito por":"Matheus Cesar Silva Gava","Est. tempo de leitura":"5 minutos"},"schema":{"@context":"https:\/\/schema.org","@graph":[{"@type":"WebPage","@id":"https:\/\/precisaoeng.com\/blogprecisao\/pmoc-reducao-custos-energia-verao\/","url":"https:\/\/precisaoeng.com\/blogprecisao\/pmoc-reducao-custos-energia-verao\/","name":"Redu\u00e7\u00e3o de Custos no Ver\u00e3o: O Impacto do PMOC na Energia","isPartOf":{"@id":"https:\/\/precisaoeng.com\/blogprecisao\/#website"},"datePublished":"2026-01-14T18:20:59+00:00","dateModified":"2026-01-14T18:22:56+00:00","author":{"@id":"https:\/\/precisaoeng.com\/blogprecisao\/#\/schema\/person\/12dbd2a41c196a426651d1aa3a67d219"},"description":"Reduza o desperd\u00edcio de energia no ver\u00e3o. Entenda como a manuten\u00e7\u00e3o preventiva (PMOC) otimiza o ar-condicionado e protege o or\u00e7amento da sua empresa.","breadcrumb":{"@id":"https:\/\/precisaoeng.com\/blogprecisao\/pmoc-reducao-custos-energia-verao\/#breadcrumb"},"inLanguage":"pt-BR","potentialAction":[{"@type":"ReadAction","target":["https:\/\/precisaoeng.com\/blogprecisao\/pmoc-reducao-custos-energia-verao\/"]}]},{"@type":"BreadcrumbList","@id":"https:\/\/precisaoeng.com\/blogprecisao\/pmoc-reducao-custos-energia-verao\/#breadcrumb","itemListElement":[{"@type":"ListItem","position":1,"name":"In\u00edcio","item":"https:\/\/precisaoeng.com\/blogprecisao\/"},{"@type":"ListItem","position":2,"name":"Redu\u00e7\u00e3o de Custos no Ver\u00e3o: O Impacto do PMOC na Energia"}]},{"@type":"WebSite","@id":"https:\/\/precisaoeng.com\/blogprecisao\/#website","url":"https:\/\/precisaoeng.com\/blogprecisao\/","name":"","description":"Blog da Precis\u00e3o Engenharia","potentialAction":[{"@type":"SearchAction","target":{"@type":"EntryPoint","urlTemplate":"https:\/\/precisaoeng.com\/blogprecisao\/?s={search_term_string}"},"query-input":"required name=search_term_string"}],"inLanguage":"pt-BR"},{"@type":"Person","@id":"https:\/\/precisaoeng.com\/blogprecisao\/#\/schema\/person\/12dbd2a41c196a426651d1aa3a67d219","name":"Matheus Cesar Silva Gava","image":{"@type":"ImageObject","inLanguage":"pt-BR","@id":"https:\/\/precisaoeng.com\/blogprecisao\/#\/schema\/person\/image\/1c94e2fca7ce32b9b38307ab10dfa0b8","url":"https:\/\/precisaoeng.com\/blogprecisao\/wp-content\/litespeed\/avatar\/eceebbbf49420289643066f98881ec7b.jpg?ver=1777103641","contentUrl":"https:\/\/precisaoeng.com\/blogprecisao\/wp-content\/litespeed\/avatar\/eceebbbf49420289643066f98881ec7b.jpg?ver=1777103641","caption":"Matheus Cesar Silva Gava"},"url":"https:\/\/precisaoeng.com\/blogprecisao\/author\/matheus-cesar-silva-gava\/"}]}},"uagb_featured_image_src":{"full":["https:\/\/precisaoeng.com\/blogprecisao\/wp-content\/uploads\/2026\/01\/istockphoto-1398212433-1024x1024-1.jpg",1024,683,false],"thumbnail":["https:\/\/precisaoeng.com\/blogprecisao\/wp-content\/uploads\/2026\/01\/istockphoto-1398212433-1024x1024-1-150x150.jpg",150,150,true],"medium":["https:\/\/precisaoeng.com\/blogprecisao\/wp-content\/uploads\/2026\/01\/istockphoto-1398212433-1024x1024-1-300x200.jpg",300,200,true],"medium_large":["https:\/\/precisaoeng.com\/blogprecisao\/wp-content\/uploads\/2026\/01\/istockphoto-1398212433-1024x1024-1-768x512.jpg",768,512,true],"large":["https:\/\/precisaoeng.com\/blogprecisao\/wp-content\/uploads\/2026\/01\/istockphoto-1398212433-1024x1024-1.jpg",1024,683,false],"1536x1536":["https:\/\/precisaoeng.com\/blogprecisao\/wp-content\/uploads\/2026\/01\/istockphoto-1398212433-1024x1024-1.jpg",1024,683,false],"2048x2048":["https:\/\/precisaoeng.com\/blogprecisao\/wp-content\/uploads\/2026\/01\/istockphoto-1398212433-1024x1024-1.jpg",1024,683,false]},"uagb_author_info":{"display_name":"Matheus Cesar Silva Gava","author_link":"https:\/\/precisaoeng.com\/blogprecisao\/author\/matheus-cesar-silva-gava\/"},"uagb_comment_info":8,"uagb_excerpt":"Com a chegada do ver\u00e3o e as temperaturas superando frequentemente os 30\u00b0C, gestores de facilities e donos de empresas j\u00e1 preveem o impacto inevit\u00e1vel no or\u00e7amento: o aumento expressivo na conta de energia el\u00e9trica. Em edif\u00edcios comerciais, escrit\u00f3rios e com\u00e9rcios, o sistema de climatiza\u00e7\u00e3o (HVAC) pode representar de 40% a 60% do consumo total de&hellip;","authors":[{"term_id":365,"user_id":19,"is_guest":0,"slug":"matheus-cesar-silva-gava","display_name":"Matheus Cesar Silva Gava","avatar_url":"https:\/\/precisaoeng.com\/blogprecisao\/wp-content\/litespeed\/avatar\/eceebbbf49420289643066f98881ec7b.jpg?ver=1777103641","user_url":"","last_name":"","first_name":"","job_title":"","description":""}],"rttpg_featured_image_url":{"full":["https:\/\/precisaoeng.com\/blogprecisao\/wp-content\/uploads\/2026\/01\/istockphoto-1398212433-1024x1024-1.jpg",1024,683,false],"landscape":["https:\/\/precisaoeng.com\/blogprecisao\/wp-content\/uploads\/2026\/01\/istockphoto-1398212433-1024x1024-1.jpg",1024,683,false],"portraits":["https:\/\/precisaoeng.com\/blogprecisao\/wp-content\/uploads\/2026\/01\/istockphoto-1398212433-1024x1024-1.jpg",1024,683,false],"thumbnail":["https:\/\/precisaoeng.com\/blogprecisao\/wp-content\/uploads\/2026\/01\/istockphoto-1398212433-1024x1024-1-150x150.jpg",150,150,true],"medium":["https:\/\/precisaoeng.com\/blogprecisao\/wp-content\/uploads\/2026\/01\/istockphoto-1398212433-1024x1024-1-300x200.jpg",300,200,true],"large":["https:\/\/precisaoeng.com\/blogprecisao\/wp-content\/uploads\/2026\/01\/istockphoto-1398212433-1024x1024-1.jpg",1024,683,false],"1536x1536":["https:\/\/precisaoeng.com\/blogprecisao\/wp-content\/uploads\/2026\/01\/istockphoto-1398212433-1024x1024-1.jpg",1024,683,false],"2048x2048":["https:\/\/precisaoeng.com\/blogprecisao\/wp-content\/uploads\/2026\/01\/istockphoto-1398212433-1024x1024-1.jpg",1024,683,false]},"rttpg_author":{"display_name":"Matheus Cesar Silva Gava","author_link":"https:\/\/precisaoeng.com\/blogprecisao\/author\/matheus-cesar-silva-gava\/"},"rttpg_comment":8,"rttpg_category":"<a href=\"https:\/\/precisaoeng.com\/blogprecisao\/category\/uncategorized\/\" rel=\"category tag\">Uncategorized<\/a>","rttpg_excerpt":"Com a chegada do ver\u00e3o e as temperaturas superando frequentemente os 30\u00b0C, gestores de facilities e donos de empresas j\u00e1 preveem o impacto inevit\u00e1vel no or\u00e7amento: o aumento expressivo na conta de energia el\u00e9trica. Em edif\u00edcios comerciais, escrit\u00f3rios e com\u00e9rcios, o sistema de climatiza\u00e7\u00e3o (HVAC) pode representar de 40% a 60% do consumo total de&hellip;","_links":{"self":[{"href":"https:\/\/precisaoeng.com\/blogprecisao\/wp-json\/wp\/v2\/posts\/2928"}],"collection":[{"href":"https:\/\/precisaoeng.com\/blogprecisao\/wp-json\/wp\/v2\/posts"}],"about":[{"href":"https:\/\/precisaoeng.com\/blogprecisao\/wp-json\/wp\/v2\/types\/post"}],"author":[{"embeddable":true,"href":"https:\/\/precisaoeng.com\/blogprecisao\/wp-json\/wp\/v2\/users\/19"}],"replies":[{"embeddable":true,"href":"https:\/\/precisaoeng.com\/blogprecisao\/wp-json\/wp\/v2\/comments?post=2928"}],"version-history":[{"count":17,"href":"https:\/\/precisaoeng.com\/blogprecisao\/wp-json\/wp\/v2\/posts\/2928\/revisions"}],"predecessor-version":[{"id":2948,"href":"https:\/\/precisaoeng.com\/blogprecisao\/wp-json\/wp\/v2\/posts\/2928\/revisions\/2948"}],"wp:featuredmedia":[{"embeddable":true,"href":"https:\/\/precisaoeng.com\/blogprecisao\/wp-json\/wp\/v2\/media\/2930"}],"wp:attachment":[{"href":"https:\/\/precisaoeng.com\/blogprecisao\/wp-json\/wp\/v2\/media?parent=2928"}],"wp:term":[{"taxonomy":"category","embeddable":true,"href":"https:\/\/precisaoeng.com\/blogprecisao\/wp-json\/wp\/v2\/categories?post=2928"},{"taxonomy":"post_tag","embeddable":true,"href":"https:\/\/precisaoeng.com\/blogprecisao\/wp-json\/wp\/v2\/tags?post=2928"},{"taxonomy":"author","embeddable":true,"href":"https:\/\/precisaoeng.com\/blogprecisao\/wp-json\/wp\/v2\/ppma_author?post=2928"}],"curies":[{"name":"wp","href":"https:\/\/api.w.org\/{rel}","templated":true}]}}